{"id":4503,"date":"2023-11-03T14:39:44","date_gmt":"2023-11-03T13:39:44","guid":{"rendered":"http:\/\/perzow.com.pl\/?p=4503"},"modified":"2023-11-03T14:39:44","modified_gmt":"2023-11-03T13:39:44","slug":"program-pilotazowy-wzmocnienie-systemu-selektywnej-zbiorki-odpadow-komunalnych-na-terenie-poludniowej-wielkopolski-oraz-czesci-powiatu-olesnickiego","status":"publish","type":"post","link":"http:\/\/perzow.com.pl\/index.php\/2023\/11\/03\/program-pilotazowy-wzmocnienie-systemu-selektywnej-zbiorki-odpadow-komunalnych-na-terenie-poludniowej-wielkopolski-oraz-czesci-powiatu-olesnickiego\/","title":{"rendered":"Program pilota\u017cowy &#8222;Wzmocnienie systemu selektywnej zbi\u00f3rki odpad\u00f3w komunalnych na terenie po\u0142udniowej Wielkopolski oraz cz\u0119\u015bci powiatu ole\u015bnickiego&#8221;"},"content":{"rendered":"<p>Zak\u0142ad Zagospodarowania Odpad\u00f3w Olszowa Sp. z o.o. &nbsp;we wsp\u00f3\u0142pracy z Gmin\u0105 Perz\u00f3w przyst\u0119puje do realizacji pilota\u017cowego programu pn. ,,Wzmocnienie systemu selektywnej zbi\u00f3rki odpad\u00f3w komunalnych na terenie po\u0142udniowej Wielkopolski oraz cz\u0119\u015bci powiatu ole\u015bnickiego\u201d. W ramach programu w miejscowo\u015bci Domas\u0142\u00f3w zostanie posadowiona altana elektroniczna do gromadzenia odpad\u00f3w komunalnych i rzeczy zbieranych w spos\u00f3b selektywny. Ponadto w Domas\u0142owie zostan\u0105 rozdystrybuowane 73 szt. pojemnik\u00f3w na popi\u00f3\u0142 jako dodatkowa frakcja, co ma na celu osi\u0105gni\u0119cie wy\u017cszego poziomu przygotowania do ponownego u\u017cycia i recyklingu odpad\u00f3w komunalnych, a tak\u017ce efektywniejszego przetwarzania&nbsp; odpad\u00f3w zmieszanych. Realizacja pilota\u017cu obejmuje r\u00f3wnie\u017c wyposa\u017cenie mieszka\u0144c\u00f3w w przydomowe kompostowniki w ramach kampanii ,,KOMPOSTUJ\u0118-ODZYSKUJ\u0118\u201d.<\/p>\n<p>Przeprowadzone dzia\u0142ania maj\u0105 na celu popraw\u0119 jako\u015bci selektywnej zbi\u00f3rki odpad\u00f3w komunalnych, podniesienie \u015bwiadomo\u015bci ekologicznej okolicznych mieszka\u0144c\u00f3w oraz promocji dobrych praktyk dotycz\u0105cych gospodarowania odpadami.&nbsp; Je\u015bli projekt si\u0119 sprawdzi b\u0119dzie rozszerzany na pozosta\u0142e so\u0142ectwa.<\/p>\n<p><img loading=\"lazy\" class=\"alignnone size-medium wp-image-4504 aligncenter\" src=\"http:\/\/perzow.com.pl\/wp-content\/uploads\/2023\/11\/kosz-popiol-207x300.png\" alt=\"\" width=\"207\" height=\"300\" srcset=\"http:\/\/perzow.com.pl\/wp-content\/uploads\/2023\/11\/kosz-popiol-207x300.png 207w, http:\/\/perzow.com.pl\/wp-content\/uploads\/2023\/11\/kosz-popiol.png 400w\" sizes=\"(max-width: 207px) 100vw, 207px\" \/><\/p>\n","protected":false},"excerpt":{"rendered":"<p>Zak\u0142ad Zagospodarowania Odpad\u00f3w Olszowa Sp. z o.o. &nbsp;we wsp\u00f3\u0142pracy z Gmin\u0105 Perz\u00f3w przyst\u0119puje do realizacji pilota\u017cowego programu pn. ,,Wzmocnienie systemu selektywnej zbi\u00f3rki odpad\u00f3w komunalnych na terenie po\u0142udniowej Wielkopolski oraz cz\u0119\u015bci powiatu ole\u015bnickiego\u201d. W ramach programu w miejscowo\u015bci Domas\u0142\u00f3w zostanie posadowiona&hellip; <br \/><a class=\"read-more-button\" href=\"http:\/\/perzow.com.pl\/index.php\/2023\/11\/03\/program-pilotazowy-wzmocnienie-systemu-selektywnej-zbiorki-odpadow-komunalnych-na-terenie-poludniowej-wielkopolski-oraz-czesci-powiatu-olesnickiego\/\">Read more<\/a><\/p>\n","protected":false},"author":5,"featured_media":0,"comment_status":"closed","ping_status":"closed","sticky":false,"template":"","format":"standard","meta":{"ngg_post_thumbnail":0},"categories":[1],"tags":[],"_links":{"self":[{"href":"http:\/\/perzow.com.pl\/index.php\/wp-json\/wp\/v2\/posts\/4503"}],"collection":[{"href":"http:\/\/perzow.com.pl\/index.php\/wp-json\/wp\/v2\/posts"}],"about":[{"href":"http:\/\/perzow.com.pl\/index.php\/wp-json\/wp\/v2\/types\/post"}],"author":[{"embeddable":true,"href":"http:\/\/perzow.com.pl\/index.php\/wp-json\/wp\/v2\/users\/5"}],"replies":[{"embeddable":true,"href":"http:\/\/perzow.com.pl\/index.php\/wp-json\/wp\/v2\/comments?post=4503"}],"version-history":[{"count":2,"href":"http:\/\/perzow.com.pl\/index.php\/wp-json\/wp\/v2\/posts\/4503\/revisions"}],"predecessor-version":[{"id":4506,"href":"http:\/\/perzow.com.pl\/index.php\/wp-json\/wp\/v2\/posts\/4503\/revisions\/4506"}],"wp:attachment":[{"href":"http:\/\/perzow.com.pl\/index.php\/wp-json\/wp\/v2\/media?parent=4503"}],"wp:term":[{"taxonomy":"category","embeddable":true,"href":"http:\/\/perzow.com.pl\/index.php\/wp-json\/wp\/v2\/categories?post=4503"},{"taxonomy":"post_tag","embeddable":true,"href":"http:\/\/perzow.com.pl\/index.php\/wp-json\/wp\/v2\/tags?post=4503"}],"curies":[{"name":"wp","href":"https:\/\/api.w.org\/{rel}","templated":true}]}}