{"id":3120,"date":"2022-08-19T08:30:49","date_gmt":"2022-08-19T06:30:49","guid":{"rendered":"http:\/\/perzow.com.pl\/?p=3120"},"modified":"2022-08-19T09:17:41","modified_gmt":"2022-08-19T07:17:41","slug":"wycieczka-do-stolicy","status":"publish","type":"post","link":"http:\/\/perzow.com.pl\/index.php\/2022\/08\/19\/wycieczka-do-stolicy\/","title":{"rendered":"Wycieczka do stolicy"},"content":{"rendered":"<p style=\"text-align: center;\"><img loading=\"lazy\" class=\" wp-image-3122 alignleft\" src=\"http:\/\/perzow.com.pl\/wp-content\/uploads\/2022\/08\/IMG_1491-300x200.jpg\" alt=\"\" width=\"452\" height=\"301\" srcset=\"http:\/\/perzow.com.pl\/wp-content\/uploads\/2022\/08\/IMG_1491-300x200.jpg 300w, http:\/\/perzow.com.pl\/wp-content\/uploads\/2022\/08\/IMG_1491-1024x683.jpg 1024w, http:\/\/perzow.com.pl\/wp-content\/uploads\/2022\/08\/IMG_1491-768x512.jpg 768w, http:\/\/perzow.com.pl\/wp-content\/uploads\/2022\/08\/IMG_1491-1536x1024.jpg 1536w, http:\/\/perzow.com.pl\/wp-content\/uploads\/2022\/08\/IMG_1491-2048x1365.jpg 2048w, http:\/\/perzow.com.pl\/wp-content\/uploads\/2022\/08\/IMG_1491-1170x780.jpg 1170w\" sizes=\"(max-width: 452px) 100vw, 452px\" \/>W ramach wakacyjnych zaj\u0119\u0107 profilaktycznych grupa 45 dzieci z&nbsp;terenu Gminy Perz\u00f3w wzi\u0119\u0142a udzia\u0142 w&nbsp;jednodniowej wycieczce do Warszawy.<\/p>\n<p style=\"text-align: center;\">Pierwszym punktem wycieczki by\u0142 spacer wraz z przewodnikiem po najpi\u0119kniejszym warszawskim parku \u2013 \u0141azienkach Kr\u00f3lewskich. Nast\u0119pnie przejechali\u015bmy Traktem Kr\u00f3lewskim i udali\u015bmy si\u0119 na Plac marsza\u0142ka J\u00f3zefa Pi\u0142sudskiego, gdzie przy Grobie Nieznanego \u017bo\u0142nierza m\u0142odzie\u017c by\u0142a \u015bwiadkiem zmiany warty honorowej \u017co\u0142nierzy z Pu\u0142ku Reprezentacyjnego Wojska Polskiego, kt\u00f3rzy strzeg\u0105 bezpiecze\u0144stwa &nbsp;i godno\u015bci tego miejsca. Spaceruj\u0105c Krakowskim Przedmie\u015bciem mogli\u015bmy zobaczy\u0107 m.in. Pa\u0142ac Prezydencki, &nbsp;nast\u0119pnie dotarli\u015bmy na Plac Zamkowy i poznali\u015bmy ciekaw\u0105 histori\u0119 zwi\u0105zan\u0105 z Kolumn\u0105 Zygmunta III Wazy. Na rynku Starego Miasta dzieci zakupi\u0142y pami\u0105tki, zrobili\u015bmy pami\u0105tkowe zdj\u0119cie z Syrenk\u0105 Warszawsk\u0105 i wyruszyli\u015bmy do Centrum Nauki Kopernik. W tym jednym z najwi\u0119kszych w Europie centr\u00f3w nauki mogli\u015bmy &nbsp;poznawa\u0107 prawa nauki poprzez samodzielne przeprowadzanie niezwyk\u0142ych do\u015bwiadcze\u0144 na interaktywnych wystawach. Po ca\u0142ym dniu wra\u017ce\u0144 dzieci posili\u0142y si\u0119 obiadem i wyruszyli\u015bmy w drog\u0119 powrotn\u0105 do domu. Organizacja wycieczki by\u0142a mo\u017cliwa przy wsparciu Gminy Perz\u00f3w w zwi\u0105zku z organizacj\u0105 wolnego czasu dzieci w ramach programu profilaktyki i promowania alternatywnych form sp\u0119dzania wolnego czasu.<\/p>\n<p><img loading=\"lazy\" class=\"alignnone  wp-image-3124\" src=\"http:\/\/perzow.com.pl\/wp-content\/uploads\/2022\/08\/IMG_1537-300x200.jpg\" alt=\"\" width=\"280\" height=\"186\" srcset=\"http:\/\/perzow.com.pl\/wp-content\/uploads\/2022\/08\/IMG_1537-300x200.jpg 300w, http:\/\/perzow.com.pl\/wp-content\/uploads\/2022\/08\/IMG_1537-1024x683.jpg 1024w, http:\/\/perzow.com.pl\/wp-content\/uploads\/2022\/08\/IMG_1537-768x512.jpg 768w, http:\/\/perzow.com.pl\/wp-content\/uploads\/2022\/08\/IMG_1537-1536x1024.jpg 1536w, http:\/\/perzow.com.pl\/wp-content\/uploads\/2022\/08\/IMG_1537-2048x1365.jpg 2048w, http:\/\/perzow.com.pl\/wp-content\/uploads\/2022\/08\/IMG_1537-1170x780.jpg 1170w\" sizes=\"(max-width: 280px) 100vw, 280px\" \/><img loading=\"lazy\" class=\"alignnone  wp-image-3127\" src=\"http:\/\/perzow.com.pl\/wp-content\/uploads\/2022\/08\/IMG_1559-300x200.jpg\" alt=\"\" width=\"284\" height=\"189\" srcset=\"http:\/\/perzow.com.pl\/wp-content\/uploads\/2022\/08\/IMG_1559-300x200.jpg 300w, http:\/\/perzow.com.pl\/wp-content\/uploads\/2022\/08\/IMG_1559-1024x683.jpg 1024w, http:\/\/perzow.com.pl\/wp-content\/uploads\/2022\/08\/IMG_1559-768x512.jpg 768w, http:\/\/perzow.com.pl\/wp-content\/uploads\/2022\/08\/IMG_1559-1536x1024.jpg 1536w, http:\/\/perzow.com.pl\/wp-content\/uploads\/2022\/08\/IMG_1559-2048x1365.jpg 2048w, http:\/\/perzow.com.pl\/wp-content\/uploads\/2022\/08\/IMG_1559-1170x780.jpg 1170w\" sizes=\"(max-width: 284px) 100vw, 284px\" \/><\/p>\n<p><img loading=\"lazy\" class=\"alignnone  wp-image-3125\" src=\"http:\/\/perzow.com.pl\/wp-content\/uploads\/2022\/08\/IMG_1546-300x200.jpg\" alt=\"\" width=\"584\" height=\"389\" srcset=\"http:\/\/perzow.com.pl\/wp-content\/uploads\/2022\/08\/IMG_1546-300x200.jpg 300w, http:\/\/perzow.com.pl\/wp-content\/uploads\/2022\/08\/IMG_1546-1024x683.jpg 1024w, http:\/\/perzow.com.pl\/wp-content\/uploads\/2022\/08\/IMG_1546-768x512.jpg 768w, http:\/\/perzow.com.pl\/wp-content\/uploads\/2022\/08\/IMG_1546-1536x1024.jpg 1536w, http:\/\/perzow.com.pl\/wp-content\/uploads\/2022\/08\/IMG_1546-2048x1365.jpg 2048w, http:\/\/perzow.com.pl\/wp-content\/uploads\/2022\/08\/IMG_1546-1170x780.jpg 1170w\" sizes=\"(max-width: 584px) 100vw, 584px\" \/><\/p>\n<p><img loading=\"lazy\" class=\"alignnone  wp-image-3130\" src=\"http:\/\/perzow.com.pl\/wp-content\/uploads\/2022\/08\/IMG_1591-300x200.jpg\" alt=\"\" width=\"279\" height=\"186\" srcset=\"http:\/\/perzow.com.pl\/wp-content\/uploads\/2022\/08\/IMG_1591-300x200.jpg 300w, http:\/\/perzow.com.pl\/wp-content\/uploads\/2022\/08\/IMG_1591-1024x683.jpg 1024w, http:\/\/perzow.com.pl\/wp-content\/uploads\/2022\/08\/IMG_1591-768x512.jpg 768w, http:\/\/perzow.com.pl\/wp-content\/uploads\/2022\/08\/IMG_1591-1536x1024.jpg 1536w, http:\/\/perzow.com.pl\/wp-content\/uploads\/2022\/08\/IMG_1591-2048x1365.jpg 2048w, http:\/\/perzow.com.pl\/wp-content\/uploads\/2022\/08\/IMG_1591-1170x780.jpg 1170w\" sizes=\"(max-width: 279px) 100vw, 279px\" \/><img loading=\"lazy\" class=\"alignnone  wp-image-3126\" src=\"http:\/\/perzow.com.pl\/wp-content\/uploads\/2022\/08\/IMG_1553-300x200.jpg\" alt=\"\" width=\"279\" height=\"186\" srcset=\"http:\/\/perzow.com.pl\/wp-content\/uploads\/2022\/08\/IMG_1553-300x200.jpg 300w, http:\/\/perzow.com.pl\/wp-content\/uploads\/2022\/08\/IMG_1553-1024x683.jpg 1024w, http:\/\/perzow.com.pl\/wp-content\/uploads\/2022\/08\/IMG_1553-768x512.jpg 768w, http:\/\/perzow.com.pl\/wp-content\/uploads\/2022\/08\/IMG_1553-1536x1024.jpg 1536w, http:\/\/perzow.com.pl\/wp-content\/uploads\/2022\/08\/IMG_1553-2048x1365.jpg 2048w, http:\/\/perzow.com.pl\/wp-content\/uploads\/2022\/08\/IMG_1553-1170x780.jpg 1170w\" sizes=\"(max-width: 279px) 100vw, 279px\" \/><\/p>\n<p><img loading=\"lazy\" class=\"alignnone  wp-image-3129\" src=\"http:\/\/perzow.com.pl\/wp-content\/uploads\/2022\/08\/IMG_1581-300x200.jpg\" alt=\"\" width=\"575\" height=\"383\" srcset=\"http:\/\/perzow.com.pl\/wp-content\/uploads\/2022\/08\/IMG_1581-300x200.jpg 300w, http:\/\/perzow.com.pl\/wp-content\/uploads\/2022\/08\/IMG_1581-1024x683.jpg 1024w, http:\/\/perzow.com.pl\/wp-content\/uploads\/2022\/08\/IMG_1581-768x512.jpg 768w, http:\/\/perzow.com.pl\/wp-content\/uploads\/2022\/08\/IMG_1581-1536x1024.jpg 1536w, http:\/\/perzow.com.pl\/wp-content\/uploads\/2022\/08\/IMG_1581-2048x1365.jpg 2048w, http:\/\/perzow.com.pl\/wp-content\/uploads\/2022\/08\/IMG_1581-1170x780.jpg 1170w\" sizes=\"(max-width: 575px) 100vw, 575px\" \/><\/p>\n<p><img loading=\"lazy\" class=\"alignnone  wp-image-3123\" src=\"http:\/\/perzow.com.pl\/wp-content\/uploads\/2022\/08\/IMG_1509-300x200.jpg\" alt=\"\" width=\"576\" height=\"384\" srcset=\"http:\/\/perzow.com.pl\/wp-content\/uploads\/2022\/08\/IMG_1509-300x200.jpg 300w, http:\/\/perzow.com.pl\/wp-content\/uploads\/2022\/08\/IMG_1509-1024x683.jpg 1024w, http:\/\/perzow.com.pl\/wp-content\/uploads\/2022\/08\/IMG_1509-768x512.jpg 768w, http:\/\/perzow.com.pl\/wp-content\/uploads\/2022\/08\/IMG_1509-1536x1024.jpg 1536w, http:\/\/perzow.com.pl\/wp-content\/uploads\/2022\/08\/IMG_1509-2048x1365.jpg 2048w, http:\/\/perzow.com.pl\/wp-content\/uploads\/2022\/08\/IMG_1509-1170x780.jpg 1170w\" sizes=\"(max-width: 576px) 100vw, 576px\" \/><\/p>\n","protected":false},"excerpt":{"rendered":"<p>W ramach wakacyjnych zaj\u0119\u0107 profilaktycznych grupa 45 dzieci z&nbsp;terenu Gminy Perz\u00f3w wzi\u0119\u0142a udzia\u0142 w&nbsp;jednodniowej wycieczce do Warszawy. Pierwszym punktem wycieczki by\u0142 spacer wraz z przewodnikiem po najpi\u0119kniejszym warszawskim parku \u2013 \u0141azienkach Kr\u00f3lewskich. Nast\u0119pnie przejechali\u015bmy Traktem Kr\u00f3lewskim i udali\u015bmy si\u0119 na&hellip; <br \/><a class=\"read-more-button\" href=\"http:\/\/perzow.com.pl\/index.php\/2022\/08\/19\/wycieczka-do-stolicy\/\">Read more<\/a><\/p>\n","protected":false},"author":3,"featured_media":0,"comment_status":"closed","ping_status":"closed","sticky":false,"template":"","format":"standard","meta":{"ngg_post_thumbnail":0},"categories":[1],"tags":[],"_links":{"self":[{"href":"http:\/\/perzow.com.pl\/index.php\/wp-json\/wp\/v2\/posts\/3120"}],"collection":[{"href":"http:\/\/perzow.com.pl\/index.php\/wp-json\/wp\/v2\/posts"}],"about":[{"href":"http:\/\/perzow.com.pl\/index.php\/wp-json\/wp\/v2\/types\/post"}],"author":[{"embeddable":true,"href":"http:\/\/perzow.com.pl\/index.php\/wp-json\/wp\/v2\/users\/3"}],"replies":[{"embeddable":true,"href":"http:\/\/perzow.com.pl\/index.php\/wp-json\/wp\/v2\/comments?post=3120"}],"version-history":[{"count":3,"href":"http:\/\/perzow.com.pl\/index.php\/wp-json\/wp\/v2\/posts\/3120\/revisions"}],"predecessor-version":[{"id":3131,"href":"http:\/\/perzow.com.pl\/index.php\/wp-json\/wp\/v2\/posts\/3120\/revisions\/3131"}],"wp:attachment":[{"href":"http:\/\/perzow.com.pl\/index.php\/wp-json\/wp\/v2\/media?parent=3120"}],"wp:term":[{"taxonomy":"category","embeddable":true,"href":"http:\/\/perzow.com.pl\/index.php\/wp-json\/wp\/v2\/categories?post=3120"},{"taxonomy":"post_tag","embeddable":true,"href":"http:\/\/perzow.com.pl\/index.php\/wp-json\/wp\/v2\/tags?post=3120"}],"curies":[{"name":"wp","href":"https:\/\/api.w.org\/{rel}","templated":true}]}}